{"id":859,"date":"2024-07-11T10:18:01","date_gmt":"2024-07-11T13:18:01","guid":{"rendered":"https:\/\/connectaoeste.com.br\/?p=859"},"modified":"2024-07-11T11:43:48","modified_gmt":"2024-07-11T14:43:48","slug":"feira-da-agricultura-familiar-moradora-alega-discriminacao-politica-na-distribuicao-de-espacos-para-vendedores","status":"publish","type":"post","link":"https:\/\/connectaoeste.com.br\/index.php\/2024\/07\/11\/feira-da-agricultura-familiar-moradora-alega-discriminacao-politica-na-distribuicao-de-espacos-para-vendedores\/","title":{"rendered":"Feira da Agricultura Familiar: Moradora Alega Discrimina\u00e7\u00e3o Pol\u00edtica na Distribui\u00e7\u00e3o de Espa\u00e7os para Vendedores"},"content":{"rendered":"\n<p>A 7\u00aa edi\u00e7\u00e3o da Festa da Feira da Agricultura Familiar, que promete quatro dias de atra\u00e7\u00f5es musicais e exposi\u00e7\u00e3o, foi alvo de uma pol\u00eamica nesta semana. Uma moradora local alega ter sido discriminada politicamente e impedida de conseguir um espa\u00e7o para vender seus produtos na feira.<\/p>\n\n\n\n<p>De acordo com a denunciante, a negativa de espa\u00e7o ocorreu por ela ser oposi\u00e7\u00e3o ao atual gestor municipal.<\/p>\n\n\n\n<figure class=\"wp-block-image size-large\"><img loading=\"lazy\" decoding=\"async\" width=\"1024\" height=\"110\" src=\"http:\/\/connectaoeste.com.br\/wp-content\/uploads\/2023\/11\/cropped-cropped-cropped-SITE-ID-001-10-1024x110.png\" alt=\"\" class=\"wp-image-563\" srcset=\"https:\/\/connectaoeste.com.br\/wp-content\/uploads\/2023\/11\/cropped-cropped-cropped-SITE-ID-001-10-1024x110.png 1024w, https:\/\/connectaoeste.com.br\/wp-content\/uploads\/2023\/11\/cropped-cropped-cropped-SITE-ID-001-10-300x32.png 300w, https:\/\/connectaoeste.com.br\/wp-content\/uploads\/2023\/11\/cropped-cropped-cropped-SITE-ID-001-10-768x83.png 768w, https:\/\/connectaoeste.com.br\/wp-content\/uploads\/2023\/11\/cropped-cropped-cropped-SITE-ID-001-10-1536x165.png 1536w, https:\/\/connectaoeste.com.br\/wp-content\/uploads\/2023\/11\/cropped-cropped-cropped-SITE-ID-001-10-2048x220.png 2048w, https:\/\/connectaoeste.com.br\/wp-content\/uploads\/2023\/11\/cropped-cropped-cropped-SITE-ID-001-10-200x21.png 200w\" sizes=\"auto, (max-width: 1024px) 100vw, 1024px\" \/><\/figure>\n\n\n\n<p>Os organizadores da feira ainda n\u00e3o se manifestaram sobre as alega\u00e7\u00f5es da moradora. A situa\u00e7\u00e3o levanta preocupa\u00e7\u00f5es sobre a imparcialidade na organiza\u00e7\u00e3o do evento e a poss\u00edvel influ\u00eancia pol\u00edtica na distribui\u00e7\u00e3o de espa\u00e7os para vendedores locais.<\/p>\n\n\n\n<p>A Festa da Feira da Agricultura Familiar tem sido um evento de destaque na cidade, promovendo a cultura local e proporcionando entretenimento para todas as idades. No entanto, essa pol\u00eamica coloca em quest\u00e3o a transpar\u00eancia e a justi\u00e7a na gest\u00e3o do evento, que deveria ser um espa\u00e7o inclusivo para todos os moradores.<\/p>\n\n\n\n<p><strong>Connecta oeste. <\/strong><\/p>\n\n\n\n<p><strong>Conectando voc\u00ea a informa\u00e7\u00e3o de qualidade!<\/strong><\/p>\n\n\n\n<figure class=\"wp-block-video\"><video controls src=\"http:\/\/connectaoeste.com.br\/wp-content\/uploads\/2024\/07\/VID-20240710-WA0139.mp4\"><\/video><\/figure>\n","protected":false},"excerpt":{"rendered":"<p>A 7\u00aa edi\u00e7\u00e3o da Festa da Feira da Agricultura Familiar, que promete quatro dias de atra\u00e7\u00f5es musicais e exposi\u00e7\u00e3o, foi alvo de uma pol\u00eamica nesta semana. Uma moradora local alega ter sido discriminada politicamente e impedida de conseguir um espa\u00e7o para vender seus produtos na feira. De acordo com a denunciante, a negativa de espa\u00e7o [&hellip;]<\/p>\n","protected":false},"author":1,"featured_media":860,"comment_status":"open","ping_status":"open","sticky":false,"template":"","format":"standard","meta":{"footnotes":""},"categories":[7,45,62,63],"tags":[],"class_list":["post-859","post","type-post","status-publish","format-standard","has-post-thumbnail","hentry","category-bahia","category-correntina","category-evento","category-festa"],"_links":{"self":[{"href":"https:\/\/connectaoeste.com.br\/index.php\/wp-json\/wp\/v2\/posts\/859","targetHints":{"allow":["GET"]}}],"collection":[{"href":"https:\/\/connectaoeste.com.br\/index.php\/wp-json\/wp\/v2\/posts"}],"about":[{"href":"https:\/\/connectaoeste.com.br\/index.php\/wp-json\/wp\/v2\/types\/post"}],"author":[{"embeddable":true,"href":"https:\/\/connectaoeste.com.br\/index.php\/wp-json\/wp\/v2\/users\/1"}],"replies":[{"embeddable":true,"href":"https:\/\/connectaoeste.com.br\/index.php\/wp-json\/wp\/v2\/comments?post=859"}],"version-history":[{"count":2,"href":"https:\/\/connectaoeste.com.br\/index.php\/wp-json\/wp\/v2\/posts\/859\/revisions"}],"predecessor-version":[{"id":864,"href":"https:\/\/connectaoeste.com.br\/index.php\/wp-json\/wp\/v2\/posts\/859\/revisions\/864"}],"wp:featuredmedia":[{"embeddable":true,"href":"https:\/\/connectaoeste.com.br\/index.php\/wp-json\/wp\/v2\/media\/860"}],"wp:attachment":[{"href":"https:\/\/connectaoeste.com.br\/index.php\/wp-json\/wp\/v2\/media?parent=859"}],"wp:term":[{"taxonomy":"category","embeddable":true,"href":"https:\/\/connectaoeste.com.br\/index.php\/wp-json\/wp\/v2\/categories?post=859"},{"taxonomy":"post_tag","embeddable":true,"href":"https:\/\/connectaoeste.com.br\/index.php\/wp-json\/wp\/v2\/tags?post=859"}],"curies":[{"name":"wp","href":"https:\/\/api.w.org\/{rel}","templated":true}]}}