{"id":875,"date":"2024-07-14T23:01:56","date_gmt":"2024-07-15T02:01:56","guid":{"rendered":"https:\/\/connectaoeste.com.br\/?p=875"},"modified":"2024-07-15T07:17:14","modified_gmt":"2024-07-15T10:17:14","slug":"feira-da-agricultura-familiar-publico-frustrado-com-ausencia-de-atracao-prometida","status":"publish","type":"post","link":"https:\/\/connectaoeste.com.br\/index.php\/2024\/07\/14\/feira-da-agricultura-familiar-publico-frustrado-com-ausencia-de-atracao-prometida\/","title":{"rendered":"Feira da Agricultura Familiar: P\u00fablico Frustrado com Aus\u00eancia de Atra\u00e7\u00e3o Prometida"},"content":{"rendered":"\n<p>A Feira da Agricultura Familiar, que celebrou sua s\u00e9tima edi\u00e7\u00e3o com grandes expectativas, foi palco de uma decep\u00e7\u00e3o. Embora o evento tenha prometido uma s\u00e9rie de atra\u00e7\u00f5es musicais de renome, incluindo Jo\u00e3o Bosco e Vin\u00edcius, Lim\u00e3o com Mel e Tomate, uma falha na organiza\u00e7\u00e3o deixou os frequentadores descontentes.<\/p>\n\n\n\n<p>O ponto alto da frustra\u00e7\u00e3o ocorreu na sexta-feira, quando uma das bandas n\u00e3o subiu ao palco conforme anunciado, a Filomena bagaceira. Centenas de pessoas aguardaram ansiosamente pela apresenta\u00e7\u00e3o, mas a banda nunca apareceu. A aus\u00eancia foi sentida pelo p\u00fablico, que esperava uma noite de m\u00fasica e divers\u00e3o.<\/p>\n\n\n\n<figure class=\"wp-block-image size-large is-resized\"><img loading=\"lazy\" decoding=\"async\" width=\"1024\" height=\"110\" src=\"http:\/\/connectaoeste.com.br\/wp-content\/uploads\/2023\/11\/cropped-cropped-cropped-SITE-ID-001-10-1024x110.png\" alt=\"\" class=\"wp-image-563\" style=\"width:625px;height:auto\" srcset=\"https:\/\/connectaoeste.com.br\/wp-content\/uploads\/2023\/11\/cropped-cropped-cropped-SITE-ID-001-10-1024x110.png 1024w, https:\/\/connectaoeste.com.br\/wp-content\/uploads\/2023\/11\/cropped-cropped-cropped-SITE-ID-001-10-300x32.png 300w, https:\/\/connectaoeste.com.br\/wp-content\/uploads\/2023\/11\/cropped-cropped-cropped-SITE-ID-001-10-768x83.png 768w, https:\/\/connectaoeste.com.br\/wp-content\/uploads\/2023\/11\/cropped-cropped-cropped-SITE-ID-001-10-1536x165.png 1536w, https:\/\/connectaoeste.com.br\/wp-content\/uploads\/2023\/11\/cropped-cropped-cropped-SITE-ID-001-10-2048x220.png 2048w, https:\/\/connectaoeste.com.br\/wp-content\/uploads\/2023\/11\/cropped-cropped-cropped-SITE-ID-001-10-200x21.png 200w\" sizes=\"auto, (max-width: 1024px) 100vw, 1024px\" \/><\/figure>\n\n\n\n<p>At\u00e9 o momento, a organiza\u00e7\u00e3o ou a prefeitura n\u00e3o deu qualquer esclarecimento sobre o assunto, deixando a popula\u00e7\u00e3o sem explica\u00e7\u00e3o sobre o ocorrido. O descontentamento foi evidente, onde muitos expressaram sua insatisfa\u00e7\u00e3o e questionaram a capacidade da organiza\u00e7\u00e3o em gerenciar um evento de tal magnitude. A feira, que sempre foi um ponto de destaque na comunidade, precisa agora lidar com a tarefa de reconquistar a confian\u00e7a de seu p\u00fablico.<\/p>\n\n\n\n<p>\u00c9 crucial que, para futuras edi\u00e7\u00f5es, os organizadores aprendam com os erros cometidos nesta e melhorem a comunica\u00e7\u00e3o e a gest\u00e3o do evento. A Feira da Agricultura Familiar tem potencial para ser um grande sucesso, mas isso s\u00f3 ser\u00e1 poss\u00edvel com um planejamento mais eficiente e um compromisso maior com as expectativas do p\u00fablico.<\/p>\n\n\n\n<p><strong>Connecta oeste. <\/strong><\/p>\n\n\n\n<p><strong>Conectando voc\u00ea a informa\u00e7\u00e3o de qualidade!<\/strong><\/p>\n","protected":false},"excerpt":{"rendered":"<p>A Feira da Agricultura Familiar, que celebrou sua s\u00e9tima edi\u00e7\u00e3o com grandes expectativas, foi palco de uma decep\u00e7\u00e3o. Embora o evento tenha prometido uma s\u00e9rie de atra\u00e7\u00f5es musicais de renome, incluindo Jo\u00e3o Bosco e Vin\u00edcius, Lim\u00e3o com Mel e Tomate, uma falha na organiza\u00e7\u00e3o deixou os frequentadores descontentes. O ponto alto da frustra\u00e7\u00e3o ocorreu na [&hellip;]<\/p>\n","protected":false},"author":1,"featured_media":856,"comment_status":"open","ping_status":"open","sticky":false,"template":"","format":"standard","meta":{"footnotes":""},"categories":[7,45,62,63,5],"tags":[],"class_list":["post-875","post","type-post","status-publish","format-standard","has-post-thumbnail","hentry","category-bahia","category-correntina","category-evento","category-festa","category-noticias"],"_links":{"self":[{"href":"https:\/\/connectaoeste.com.br\/index.php\/wp-json\/wp\/v2\/posts\/875","targetHints":{"allow":["GET"]}}],"collection":[{"href":"https:\/\/connectaoeste.com.br\/index.php\/wp-json\/wp\/v2\/posts"}],"about":[{"href":"https:\/\/connectaoeste.com.br\/index.php\/wp-json\/wp\/v2\/types\/post"}],"author":[{"embeddable":true,"href":"https:\/\/connectaoeste.com.br\/index.php\/wp-json\/wp\/v2\/users\/1"}],"replies":[{"embeddable":true,"href":"https:\/\/connectaoeste.com.br\/index.php\/wp-json\/wp\/v2\/comments?post=875"}],"version-history":[{"count":3,"href":"https:\/\/connectaoeste.com.br\/index.php\/wp-json\/wp\/v2\/posts\/875\/revisions"}],"predecessor-version":[{"id":878,"href":"https:\/\/connectaoeste.com.br\/index.php\/wp-json\/wp\/v2\/posts\/875\/revisions\/878"}],"wp:featuredmedia":[{"embeddable":true,"href":"https:\/\/connectaoeste.com.br\/index.php\/wp-json\/wp\/v2\/media\/856"}],"wp:attachment":[{"href":"https:\/\/connectaoeste.com.br\/index.php\/wp-json\/wp\/v2\/media?parent=875"}],"wp:term":[{"taxonomy":"category","embeddable":true,"href":"https:\/\/connectaoeste.com.br\/index.php\/wp-json\/wp\/v2\/categories?post=875"},{"taxonomy":"post_tag","embeddable":true,"href":"https:\/\/connectaoeste.com.br\/index.php\/wp-json\/wp\/v2\/tags?post=875"}],"curies":[{"name":"wp","href":"https:\/\/api.w.org\/{rel}","templated":true}]}}