{"id":882,"date":"2024-07-17T14:38:10","date_gmt":"2024-07-17T17:38:10","guid":{"rendered":"https:\/\/connectaoeste.com.br\/?p=882"},"modified":"2024-07-17T14:39:01","modified_gmt":"2024-07-17T17:39:01","slug":"882","status":"publish","type":"post","link":"https:\/\/connectaoeste.com.br\/index.php\/2024\/07\/17\/882\/","title":{"rendered":"Proposta de Emenda \u00e0 Constitui\u00e7\u00e3o Visa Modernizar Seguran\u00e7a P\u00fablica no Brasil"},"content":{"rendered":"\n<p><\/p>\n\n\n\n<p>O Minist\u00e9rio da Justi\u00e7a est\u00e1 elaborando uma Proposta de Emenda \u00e0 Constitui\u00e7\u00e3o (PEC) que busca modernizar o modelo de seguran\u00e7a p\u00fablica no Brasil. Entre as mudan\u00e7as propostas, destaca-se a cria\u00e7\u00e3o de uma nova pol\u00edcia de n\u00edvel federal a partir da atual Pol\u00edcia Rodovi\u00e1ria Federal (PRF).<\/p>\n\n\n\n<p>A PEC, que foi elaborada com a participa\u00e7\u00e3o direta do ministro Ricardo Lewandowski, prop\u00f5e a transforma\u00e7\u00e3o da PRF em uma nova pol\u00edcia ostensiva federal, com atribui\u00e7\u00f5es mais amplas do que apenas o policiamento das rodovias federais. A concep\u00e7\u00e3o \u00e9 que o governo federal deve ter duas pol\u00edcias: uma judici\u00e1ria, respons\u00e1vel por investiga\u00e7\u00f5es, que continuar\u00e1 sendo a Pol\u00edcia Federal (PF), e uma ostensiva, que ser\u00e1 a nova corpora\u00e7\u00e3o criada a partir da PRF. Isso espelharia o modelo existente nos estados, onde h\u00e1 uma pol\u00edcia judici\u00e1ria (Pol\u00edcia Civil) e uma ostensiva (Pol\u00edcia Militar).<\/p>\n\n\n\n<figure class=\"wp-block-image size-large\"><img loading=\"lazy\" decoding=\"async\" width=\"1024\" height=\"110\" src=\"http:\/\/connectaoeste.com.br\/wp-content\/uploads\/2023\/11\/cropped-cropped-cropped-SITE-ID-001-10-1024x110.png\" alt=\"\" class=\"wp-image-563\" srcset=\"https:\/\/connectaoeste.com.br\/wp-content\/uploads\/2023\/11\/cropped-cropped-cropped-SITE-ID-001-10-1024x110.png 1024w, https:\/\/connectaoeste.com.br\/wp-content\/uploads\/2023\/11\/cropped-cropped-cropped-SITE-ID-001-10-300x32.png 300w, https:\/\/connectaoeste.com.br\/wp-content\/uploads\/2023\/11\/cropped-cropped-cropped-SITE-ID-001-10-768x83.png 768w, https:\/\/connectaoeste.com.br\/wp-content\/uploads\/2023\/11\/cropped-cropped-cropped-SITE-ID-001-10-1536x165.png 1536w, https:\/\/connectaoeste.com.br\/wp-content\/uploads\/2023\/11\/cropped-cropped-cropped-SITE-ID-001-10-2048x220.png 2048w, https:\/\/connectaoeste.com.br\/wp-content\/uploads\/2023\/11\/cropped-cropped-cropped-SITE-ID-001-10-200x21.png 200w\" sizes=\"auto, (max-width: 1024px) 100vw, 1024px\" \/><\/figure>\n\n\n\n<p>A PEC tamb\u00e9m tem como objetivo integrar as diversas pol\u00edcias do pa\u00eds, promovendo uma maior coopera\u00e7\u00e3o e compartilhamento de dados entre as corpora\u00e7\u00f5es. Especialistas avaliam que a falta de integra\u00e7\u00e3o atual prejudica significativamente as investiga\u00e7\u00f5es.<\/p>\n\n\n\n<p>Al\u00e9m disso, a proposta refor\u00e7a o Sistema P\u00fablico de Seguran\u00e7a, buscando criar um modelo similar ao Sistema \u00danico de Sa\u00fade (SUS), com a Uni\u00e3o assumindo mais responsabilidades na \u00e1rea. Desde a Constitui\u00e7\u00e3o de 1988, a seguran\u00e7a p\u00fablica tem sido predominantemente de responsabilidade dos estados, mas o Minist\u00e9rio da Justi\u00e7a argumenta que a evolu\u00e7\u00e3o do crime, agora frequentemente transnacional, requer uma a\u00e7\u00e3o mais integrada do governo federal.<\/p>\n\n\n\n<p>Em uma reuni\u00e3o realizada nesta ter\u00e7a-feira (16) no Pal\u00e1cio do Planalto com ministros e empres\u00e1rios do setor aliment\u00edcio, o presidente Lula discutiu a nova proposta de seguran\u00e7a p\u00fablica. Ele enfatizou a import\u00e2ncia de envolver os governadores dos estados na formula\u00e7\u00e3o da nova pol\u00edtica.<\/p>\n\n\n\n<p>&#8220;Eu agora vou discutir uma pol\u00edtica de seguran\u00e7a p\u00fablica. Eu n\u00e3o vou fazer junto com o Lewandowski, com a Casa Civil, com a AGU [Advocacia-Geral da Uni\u00e3o], um projeto de seguran\u00e7a. N\u00e3o. Eu vou chamar os 27 governadores dos estados para dizer o seguinte: &#8216;O governo federal quer participar da quest\u00e3o da seguran\u00e7a p\u00fablica. N\u00f3s queremos saber qual \u00e9 o nosso papel, aonde a gente entra, como a gente pode ajudar?'&#8221;, afirmou o presidente.<\/p>\n\n\n\n<figure class=\"wp-block-image size-large\"><img loading=\"lazy\" decoding=\"async\" width=\"1024\" height=\"110\" src=\"http:\/\/connectaoeste.com.br\/wp-content\/uploads\/2023\/11\/cropped-cropped-cropped-SITE-ID-001-10-1024x110.png\" alt=\"\" class=\"wp-image-563\" srcset=\"https:\/\/connectaoeste.com.br\/wp-content\/uploads\/2023\/11\/cropped-cropped-cropped-SITE-ID-001-10-1024x110.png 1024w, https:\/\/connectaoeste.com.br\/wp-content\/uploads\/2023\/11\/cropped-cropped-cropped-SITE-ID-001-10-300x32.png 300w, https:\/\/connectaoeste.com.br\/wp-content\/uploads\/2023\/11\/cropped-cropped-cropped-SITE-ID-001-10-768x83.png 768w, https:\/\/connectaoeste.com.br\/wp-content\/uploads\/2023\/11\/cropped-cropped-cropped-SITE-ID-001-10-1536x165.png 1536w, https:\/\/connectaoeste.com.br\/wp-content\/uploads\/2023\/11\/cropped-cropped-cropped-SITE-ID-001-10-2048x220.png 2048w, https:\/\/connectaoeste.com.br\/wp-content\/uploads\/2023\/11\/cropped-cropped-cropped-SITE-ID-001-10-200x21.png 200w\" sizes=\"auto, (max-width: 1024px) 100vw, 1024px\" \/><\/figure>\n\n\n\n<p><strong>Nova Pol\u00edcia Federal<\/strong><\/p>\n\n\n\n<p>A PEC em estudo prop\u00f5e a transforma\u00e7\u00e3o da Pol\u00edcia Rodovi\u00e1ria Federal (PRF) em uma nova pol\u00edcia ostensiva federal com atribui\u00e7\u00f5es mais amplas. Atualmente, o artigo 144 da Constitui\u00e7\u00e3o inclui a PRF e uma pol\u00edcia ferrovi\u00e1ria federal, esta \u00faltima nunca efetivamente implementada.<\/p>\n\n\n\n<p>A nova pol\u00edcia ostensiva federal seria respons\u00e1vel pelo policiamento de estradas, ferrovias e hidrovias, suprindo uma lacuna existente na seguran\u00e7a p\u00fablica brasileira.<\/p>\n\n\n\n<p>Essa reforma, se aprovada, promete trazer uma abordagem mais integrada e eficiente para a seguran\u00e7a p\u00fablica no Brasil, adaptando-se \u00e0s novas realidades e desafios enfrentados pelo pa\u00eds.<\/p>\n\n\n\n<p><strong>Connecta oeste. <\/strong><\/p>\n\n\n\n<p><strong>Conectando voc\u00ea a informa\u00e7\u00e3o de qualidade!<\/strong><\/p>\n","protected":false},"excerpt":{"rendered":"<p>O Minist\u00e9rio da Justi\u00e7a est\u00e1 elaborando uma Proposta de Emenda \u00e0 Constitui\u00e7\u00e3o (PEC) que busca modernizar o modelo de seguran\u00e7a p\u00fablica no Brasil. Entre as mudan\u00e7as propostas, destaca-se a cria\u00e7\u00e3o de uma nova pol\u00edcia de n\u00edvel federal a partir da atual Pol\u00edcia Rodovi\u00e1ria Federal (PRF). A PEC, que foi elaborada com a participa\u00e7\u00e3o direta do [&hellip;]<\/p>\n","protected":false},"author":1,"featured_media":883,"comment_status":"open","ping_status":"open","sticky":false,"template":"","format":"standard","meta":{"footnotes":""},"categories":[8,5,70],"tags":[],"class_list":["post-882","post","type-post","status-publish","format-standard","has-post-thumbnail","hentry","category-brasil","category-noticias","category-prf"],"_links":{"self":[{"href":"https:\/\/connectaoeste.com.br\/index.php\/wp-json\/wp\/v2\/posts\/882","targetHints":{"allow":["GET"]}}],"collection":[{"href":"https:\/\/connectaoeste.com.br\/index.php\/wp-json\/wp\/v2\/posts"}],"about":[{"href":"https:\/\/connectaoeste.com.br\/index.php\/wp-json\/wp\/v2\/types\/post"}],"author":[{"embeddable":true,"href":"https:\/\/connectaoeste.com.br\/index.php\/wp-json\/wp\/v2\/users\/1"}],"replies":[{"embeddable":true,"href":"https:\/\/connectaoeste.com.br\/index.php\/wp-json\/wp\/v2\/comments?post=882"}],"version-history":[{"count":2,"href":"https:\/\/connectaoeste.com.br\/index.php\/wp-json\/wp\/v2\/posts\/882\/revisions"}],"predecessor-version":[{"id":885,"href":"https:\/\/connectaoeste.com.br\/index.php\/wp-json\/wp\/v2\/posts\/882\/revisions\/885"}],"wp:featuredmedia":[{"embeddable":true,"href":"https:\/\/connectaoeste.com.br\/index.php\/wp-json\/wp\/v2\/media\/883"}],"wp:attachment":[{"href":"https:\/\/connectaoeste.com.br\/index.php\/wp-json\/wp\/v2\/media?parent=882"}],"wp:term":[{"taxonomy":"category","embeddable":true,"href":"https:\/\/connectaoeste.com.br\/index.php\/wp-json\/wp\/v2\/categories?post=882"},{"taxonomy":"post_tag","embeddable":true,"href":"https:\/\/connectaoeste.com.br\/index.php\/wp-json\/wp\/v2\/tags?post=882"}],"curies":[{"name":"wp","href":"https:\/\/api.w.org\/{rel}","templated":true}]}}