{"id":915,"date":"2024-07-27T13:07:15","date_gmt":"2024-07-27T16:07:15","guid":{"rendered":"https:\/\/connectaoeste.com.br\/?p=915"},"modified":"2024-07-27T13:07:15","modified_gmt":"2024-07-27T16:07:15","slug":"progressistas-oficializa-candidatura-a-reeleicao-de-junior-maraba-em-luis-eduardo-magalhaes","status":"publish","type":"post","link":"https:\/\/connectaoeste.com.br\/index.php\/2024\/07\/27\/progressistas-oficializa-candidatura-a-reeleicao-de-junior-maraba-em-luis-eduardo-magalhaes\/","title":{"rendered":"Progressistas Oficializa Candidatura \u00e0 Reelei\u00e7\u00e3o de Junior Marab\u00e1 em Lu\u00eds Eduardo Magalh\u00e3es."},"content":{"rendered":"\n<p>O partido Progressistas oficializou na noite desta sexta-feira (26) a candidatura \u00e0 reelei\u00e7\u00e3o do prefeito de Lu\u00eds Eduardo Magalh\u00e3es, Junior Marab\u00e1 (PP), e seu candidato a vice, Franklin Willer (UB). O evento foi marcado por grande festa e intensa vibra\u00e7\u00e3o, com apoiadores dos seis partidos coligados enchendo o espa\u00e7o com bandeiras e manifesta\u00e7\u00f5es em apoio \u00e0 chapa.<\/p>\n\n\n\n<p>Junior e Franklin lideram a coliga\u00e7\u00e3o &#8220;A Mudan\u00e7a Vai Continuar&#8221;, que conta com 97 candidaturas para vereador: 16 pelo Progressistas, 18 pelo Uni\u00e3o Brasil, 16 pela Federa\u00e7\u00e3o PSDB-Cidadania, 18 pelo Republicanos, 11 pelo MDB e 18 pelo Podemos.<\/p>\n\n\n\n<p>A conven\u00e7\u00e3o partid\u00e1ria contou com a presen\u00e7a de diversas lideran\u00e7as, incluindo Tonh\u00e3o, ex-prefeito de Barreiras por tr\u00eas mandatos; Danilo Henrique, ex-secret\u00e1rio de Governo de Lu\u00eds Eduardo Magalh\u00e3es e pr\u00e9-candidato a prefeito em Barreiras; e o deputado estadual Ant\u00f4nio Henrique J\u00fanior (PP). Ant\u00f4nio Henrique J\u00fanior destacou a import\u00e2ncia de um segundo mandato para Marab\u00e1. &#8220;Sabemos o que ele fez e vai continuar fazendo pelo desenvolvimento de Lu\u00eds Eduardo Magalh\u00e3es. Vamos juntos continuar trabalhando por Junior Marab\u00e1 prefeito&#8221;, declarou o deputado, ressaltando a necessidade de eleger vereadores alinhados com o prefeito para a aprova\u00e7\u00e3o de projetos importantes para a cidade.<\/p>\n\n\n\n<figure class=\"wp-block-image size-large\"><img loading=\"lazy\" decoding=\"async\" width=\"1024\" height=\"110\" src=\"http:\/\/connectaoeste.com.br\/wp-content\/uploads\/2023\/11\/cropped-cropped-cropped-SITE-ID-001-10-1024x110.png\" alt=\"\" class=\"wp-image-563\" srcset=\"https:\/\/connectaoeste.com.br\/wp-content\/uploads\/2023\/11\/cropped-cropped-cropped-SITE-ID-001-10-1024x110.png 1024w, https:\/\/connectaoeste.com.br\/wp-content\/uploads\/2023\/11\/cropped-cropped-cropped-SITE-ID-001-10-300x32.png 300w, https:\/\/connectaoeste.com.br\/wp-content\/uploads\/2023\/11\/cropped-cropped-cropped-SITE-ID-001-10-768x83.png 768w, https:\/\/connectaoeste.com.br\/wp-content\/uploads\/2023\/11\/cropped-cropped-cropped-SITE-ID-001-10-1536x165.png 1536w, https:\/\/connectaoeste.com.br\/wp-content\/uploads\/2023\/11\/cropped-cropped-cropped-SITE-ID-001-10-2048x220.png 2048w, https:\/\/connectaoeste.com.br\/wp-content\/uploads\/2023\/11\/cropped-cropped-cropped-SITE-ID-001-10-200x21.png 200w\" sizes=\"auto, (max-width: 1024px) 100vw, 1024px\" \/><\/figure>\n\n\n\n<p>Franklin Willer, reconhecido como o melhor secret\u00e1rio de obras do munic\u00edpio, comprometeu-se a ser um vice-prefeito atuante. &#8220;Voc\u00eas v\u00e3o ter um vice que n\u00e3o vai ficar na sombra de ningu\u00e9m, que vai estar no meio do povo, como deve ser. V\u00e3o ter um vice que trabalha&#8221;, afirmou.<\/p>\n\n\n\n<p>Junior Marab\u00e1, ao lado de sua fam\u00edlia, agradeceu o apoio recebido. &#8220;Deus sempre me aben\u00e7oou colocando as pessoas certas na minha vida, e s\u00e3o elas que me d\u00e3o for\u00e7a para continuar essa miss\u00e3o&#8221;, disse. Ele tamb\u00e9m ressaltou o trabalho realizado e a defesa do munic\u00edpio. &#8220;Se hoje colhemos a mudan\u00e7a de uma cidade toda \u00e9 porque a popula\u00e7\u00e3o lutou. N\u00e3o podemos baixar a guarda. Vamos trabalhar com garra, vamos lutar pelo que n\u00f3s conquistamos&#8221;, concluiu.<\/p>\n\n\n\n<p><strong>Coneccta oeste. <\/strong><\/p>\n\n\n\n<p><strong>Conectando voc\u00ea a informa\u00e7\u00e3o de qualidade!<\/strong><\/p>\n","protected":false},"excerpt":{"rendered":"<p>O partido Progressistas oficializou na noite desta sexta-feira (26) a candidatura \u00e0 reelei\u00e7\u00e3o do prefeito de Lu\u00eds Eduardo Magalh\u00e3es, Junior Marab\u00e1 (PP), e seu candidato a vice, Franklin Willer (UB). O evento foi marcado por grande festa e intensa vibra\u00e7\u00e3o, com apoiadores dos seis partidos coligados enchendo o espa\u00e7o com bandeiras e manifesta\u00e7\u00f5es em apoio [&hellip;]<\/p>\n","protected":false},"author":1,"featured_media":916,"comment_status":"open","ping_status":"open","sticky":false,"template":"","format":"standard","meta":{"footnotes":""},"categories":[46,5,1],"tags":[],"class_list":["post-915","post","type-post","status-publish","format-standard","has-post-thumbnail","hentry","category-lem","category-noticias","category-politica"],"_links":{"self":[{"href":"https:\/\/connectaoeste.com.br\/index.php\/wp-json\/wp\/v2\/posts\/915","targetHints":{"allow":["GET"]}}],"collection":[{"href":"https:\/\/connectaoeste.com.br\/index.php\/wp-json\/wp\/v2\/posts"}],"about":[{"href":"https:\/\/connectaoeste.com.br\/index.php\/wp-json\/wp\/v2\/types\/post"}],"author":[{"embeddable":true,"href":"https:\/\/connectaoeste.com.br\/index.php\/wp-json\/wp\/v2\/users\/1"}],"replies":[{"embeddable":true,"href":"https:\/\/connectaoeste.com.br\/index.php\/wp-json\/wp\/v2\/comments?post=915"}],"version-history":[{"count":1,"href":"https:\/\/connectaoeste.com.br\/index.php\/wp-json\/wp\/v2\/posts\/915\/revisions"}],"predecessor-version":[{"id":917,"href":"https:\/\/connectaoeste.com.br\/index.php\/wp-json\/wp\/v2\/posts\/915\/revisions\/917"}],"wp:featuredmedia":[{"embeddable":true,"href":"https:\/\/connectaoeste.com.br\/index.php\/wp-json\/wp\/v2\/media\/916"}],"wp:attachment":[{"href":"https:\/\/connectaoeste.com.br\/index.php\/wp-json\/wp\/v2\/media?parent=915"}],"wp:term":[{"taxonomy":"category","embeddable":true,"href":"https:\/\/connectaoeste.com.br\/index.php\/wp-json\/wp\/v2\/categories?post=915"},{"taxonomy":"post_tag","embeddable":true,"href":"https:\/\/connectaoeste.com.br\/index.php\/wp-json\/wp\/v2\/tags?post=915"}],"curies":[{"name":"wp","href":"https:\/\/api.w.org\/{rel}","templated":true}]}}