{"id":933,"date":"2024-08-06T11:23:13","date_gmt":"2024-08-06T14:23:13","guid":{"rendered":"https:\/\/connectaoeste.com.br\/?p=933"},"modified":"2024-08-06T11:23:13","modified_gmt":"2024-08-06T14:23:13","slug":"inmet-emite-alerta-de-baixa-umidade-para-mais-de-20-municipios-baianos","status":"publish","type":"post","link":"https:\/\/connectaoeste.com.br\/index.php\/2024\/08\/06\/inmet-emite-alerta-de-baixa-umidade-para-mais-de-20-municipios-baianos\/","title":{"rendered":"Inmet emite alerta de baixa umidade para mais de 20 munic\u00edpios baianos."},"content":{"rendered":"\n<p>O Instituto Nacional de Meteorologia (Inmet) emitiu um alerta de baixa umidade do ar para mais de 20 munic\u00edpios da Bahia neste domingo (4). A regi\u00e3o Oeste do estado ser\u00e1 afetada, com destaque para cidades como Barreiras, Lu\u00eds Eduardo Magalh\u00e3es e Correntina. <\/p>\n\n\n\n<p>O aviso, classificado com grau de severidade de &#8220;perigo potencial&#8221;, prev\u00ea que a umidade relativa do ar varie entre 20% e 30%. Para refer\u00eancia, a Organiza\u00e7\u00e3o Mundial da Sa\u00fade (OMS) recomenda que o n\u00edvel ideal de umidade relativa do ar fique entre 50% e 60%.<\/p>\n\n\n\n<figure class=\"wp-block-image size-large\"><img loading=\"lazy\" decoding=\"async\" width=\"1024\" height=\"110\" src=\"http:\/\/connectaoeste.com.br\/wp-content\/uploads\/2023\/11\/cropped-cropped-cropped-SITE-ID-001-10-1024x110.png\" alt=\"\" class=\"wp-image-563\" srcset=\"https:\/\/connectaoeste.com.br\/wp-content\/uploads\/2023\/11\/cropped-cropped-cropped-SITE-ID-001-10-1024x110.png 1024w, https:\/\/connectaoeste.com.br\/wp-content\/uploads\/2023\/11\/cropped-cropped-cropped-SITE-ID-001-10-300x32.png 300w, https:\/\/connectaoeste.com.br\/wp-content\/uploads\/2023\/11\/cropped-cropped-cropped-SITE-ID-001-10-768x83.png 768w, https:\/\/connectaoeste.com.br\/wp-content\/uploads\/2023\/11\/cropped-cropped-cropped-SITE-ID-001-10-1536x165.png 1536w, https:\/\/connectaoeste.com.br\/wp-content\/uploads\/2023\/11\/cropped-cropped-cropped-SITE-ID-001-10-2048x220.png 2048w, https:\/\/connectaoeste.com.br\/wp-content\/uploads\/2023\/11\/cropped-cropped-cropped-SITE-ID-001-10-200x21.png 200w\" sizes=\"auto, (max-width: 1024px) 100vw, 1024px\" \/><\/figure>\n\n\n\n<p>Diante das condi\u00e7\u00f5es clim\u00e1ticas adversas, as autoridades recomendam que a popula\u00e7\u00e3o consuma bastante l\u00edquido, evite atividades f\u00edsicas durante os per\u00edodos de maior temperatura e limite a exposi\u00e7\u00e3o ao sol para minimizar os riscos \u00e0 sa\u00fade.<\/p>\n\n\n\n<p><strong>Connecta oeste. <\/strong><\/p>\n\n\n\n<p><strong>Conectando voc\u00ea a informa\u00e7\u00e3o de qualidade!<\/strong><\/p>\n","protected":false},"excerpt":{"rendered":"<p>O Instituto Nacional de Meteorologia (Inmet) emitiu um alerta de baixa umidade do ar para mais de 20 munic\u00edpios da Bahia neste domingo (4). A regi\u00e3o Oeste do estado ser\u00e1 afetada, com destaque para cidades como Barreiras, Lu\u00eds Eduardo Magalh\u00e3es e Correntina. O aviso, classificado com grau de severidade de &#8220;perigo potencial&#8221;, prev\u00ea que a [&hellip;]<\/p>\n","protected":false},"author":1,"featured_media":934,"comment_status":"open","ping_status":"open","sticky":false,"template":"","format":"standard","meta":{"footnotes":""},"categories":[7,69,65,45,5],"tags":[],"class_list":["post-933","post","type-post","status-publish","format-standard","has-post-thumbnail","hentry","category-bahia","category-barreiras","category-bom-jesus-da-lapa","category-correntina","category-noticias"],"_links":{"self":[{"href":"https:\/\/connectaoeste.com.br\/index.php\/wp-json\/wp\/v2\/posts\/933","targetHints":{"allow":["GET"]}}],"collection":[{"href":"https:\/\/connectaoeste.com.br\/index.php\/wp-json\/wp\/v2\/posts"}],"about":[{"href":"https:\/\/connectaoeste.com.br\/index.php\/wp-json\/wp\/v2\/types\/post"}],"author":[{"embeddable":true,"href":"https:\/\/connectaoeste.com.br\/index.php\/wp-json\/wp\/v2\/users\/1"}],"replies":[{"embeddable":true,"href":"https:\/\/connectaoeste.com.br\/index.php\/wp-json\/wp\/v2\/comments?post=933"}],"version-history":[{"count":1,"href":"https:\/\/connectaoeste.com.br\/index.php\/wp-json\/wp\/v2\/posts\/933\/revisions"}],"predecessor-version":[{"id":935,"href":"https:\/\/connectaoeste.com.br\/index.php\/wp-json\/wp\/v2\/posts\/933\/revisions\/935"}],"wp:featuredmedia":[{"embeddable":true,"href":"https:\/\/connectaoeste.com.br\/index.php\/wp-json\/wp\/v2\/media\/934"}],"wp:attachment":[{"href":"https:\/\/connectaoeste.com.br\/index.php\/wp-json\/wp\/v2\/media?parent=933"}],"wp:term":[{"taxonomy":"category","embeddable":true,"href":"https:\/\/connectaoeste.com.br\/index.php\/wp-json\/wp\/v2\/categories?post=933"},{"taxonomy":"post_tag","embeddable":true,"href":"https:\/\/connectaoeste.com.br\/index.php\/wp-json\/wp\/v2\/tags?post=933"}],"curies":[{"name":"wp","href":"https:\/\/api.w.org\/{rel}","templated":true}]}}